{"id":37385,"date":"2023-03-21T15:06:39","date_gmt":"2023-03-21T14:06:39","guid":{"rendered":"https:\/\/blueroom.es\/blueroom-en\/la-tradicion-de-santa-eularia-des-riu-ibiza-se-vive-en-madrid\/"},"modified":"2023-03-21T15:08:45","modified_gmt":"2023-03-21T14:08:45","slug":"la-tradicion-de-santa-eularia-des-riu-ibiza-se-vive-en-madrid","status":"publish","type":"post","link":"https:\/\/blueroom.es\/en\/marketing\/la-tradicion-de-santa-eularia-des-riu-ibiza-se-vive-en-madrid\/","title":{"rendered":"The tradition of Santa Eul\u00e0ria des Riu (Ibiza) is lived in Madrid"},"content":{"rendered":"<p>[et_pb_section fb_built=&#8221;1&#8243; admin_label=&#8221;section&#8221; _builder_version=&#8221;3.22&#8243;][et_pb_row admin_label=&#8221;row&#8221; _builder_version=&#8221;3.25&#8243; background_size=&#8221;initial&#8221; background_position=&#8221;top_left&#8221; background_repeat=&#8221;repeat&#8221;][et_pb_column type=&#8221;4_4&#8243; _builder_version=&#8221;3.25&#8243; custom_padding=&#8221;|||&#8221; custom_padding__hover=&#8221;|||&#8221;][et_pb_image src=&#8221;https:\/\/blueroom.es\/wp-content\/uploads\/2023\/03\/Collage_Ibiza.jpg&#8221; title_text=&#8221;Collage_Ibiza&#8221; _builder_version=&#8221;4.7.7&#8243; _module_preset=&#8221;default&#8221;][\/et_pb_image][et_pb_text admin_label=&#8221;Texto&#8221; _builder_version=&#8221;4.7.7&#8243; _module_preset=&#8221;default&#8221; text_orientation=&#8221;justified&#8221;]<\/p>\n<p style=\"font-weight: 400;\">The Ibizan municipality Santa Eul\u00e0ria des Riu has presented in Madrid its novelties for the season by the hand of its mayor Carmen Ferrer, who has told a large group of representatives of the professional tourism sector and the media the extensive proposal of charming accommodation, cultural, gastronomic, leisure or active tourism of the destination for 2023. In addition, she highlighted the varied nautical offer of the municipality with a new Guide presented together with the Fly Board athlete, Lindsay Mcqueen, which includes a total of 16 kayak, diving or snorkeling routes. Both events were enlivened with the participation of the dance group &#8220;Es Broll&#8221; who made a representation of dance pag\u00e8s and brought a piece of the traditions of the island of Ibiza to Madrid.<\/p>\n<p style=\"font-weight: 400;\">Apart from a renewed guide of beaches, the municipality continues its tourist brand supported by destinations, locations and activities aimed at the whole family, in addition to its charming establishments (Restaurants and Hotels) and consolidates itself in the cultural agenda of the island preparing the next edition 2023 of the Barruguet International Family Theater Festival. Among its wide range of events, the pioneering edition of the &#8220;Ibiza 2023 Multisport Triathlon World Championship&#8221; stands out especially in the sports section, of which Santa Eul\u00e0ria des Riu will be the scene of the duathlon and aquathlon, and which has as its starting point the &#8220;Santa Eul\u00e0ria Ibiza Marathon&#8221; that will take place on April 1st.<\/p>\n<p>[\/et_pb_text][et_pb_gallery gallery_ids=&#8221;37358,37360,37362,37364,37366,37368,37370,37372,37374,37376,37378,37380&#8243; dbdb_version=&#8221;3.8.5&#8243; _builder_version=&#8221;4.7.7&#8243; _module_preset=&#8221;default&#8221;][\/et_pb_gallery][\/et_pb_column][\/et_pb_row][\/et_pb_section]<\/p>\n","protected":false},"excerpt":{"rendered":"<p>[et_pb_section fb_built=&#8221;1&#8243; admin_label=&#8221;section&#8221; _builder_version=&#8221;3.22&#8243;][et_pb_row admin_label=&#8221;row&#8221; _builder_version=&#8221;3.25&#8243; background_size=&#8221;initial&#8221; background_position=&#8221;top_left&#8221; background_repeat=&#8221;repeat&#8221;][et_pb_column type=&#8221;4_4&#8243; _builder_version=&#8221;3.25&#8243; custom_padding=&#8221;|||&#8221; custom_padding__hover=&#8221;|||&#8221;][et_pb_image src=&#8221;https:\/\/blueroom.es\/wp-content\/uploads\/2023\/03\/Collage_Ibiza.jpg&#8221; title_text=&#8221;Collage_Ibiza&#8221; _builder_version=&#8221;4.7.7&#8243; _module_preset=&#8221;default&#8221;][\/et_pb_image][et_pb_text admin_label=&#8221;Texto&#8221; _builder_version=&#8221;4.7.7&#8243; _module_preset=&#8221;default&#8221; text_orientation=&#8221;justified&#8221;] The Ibizan municipality Santa Eul\u00e0ria des Riu has presented in Madrid its novelties for the season by the hand of its mayor Carmen Ferrer, who has told a large group of representatives of the [&hellip;]<\/p>\n","protected":false},"author":1,"featured_media":37355,"comment_status":"closed","ping_status":"open","sticky":false,"template":"","format":"standard","meta":{"_et_pb_use_builder":"on","_et_pb_old_content":"","_et_gb_content_width":"","footnotes":""},"categories":[344,361,340],"tags":[495,548],"class_list":["post-37385","post","type-post","status-publish","format-standard","has-post-thumbnail","hentry","category-blueroom","category-marketing","category-turismo","tag-beingblueroom","tag-viajes-en"],"yoast_head":"<!-- This site is optimized with the Yoast SEO plugin v25.5 - https:\/\/yoast.com\/wordpress\/plugins\/seo\/ -->\n<title>The tradition of Santa Eul\u00e0ria des Riu (Ibiza) is lived in Madrid &#8226;<\/title>\n<meta name=\"description\" content=\"The Blueroom Project y la Pura Vida, con motivo del primer encuentro de la Selecci\u00f3n Nacional de Espa\u00f1a en el Mundial de f\u00fatbol en la que se enfrentar\u00e1 con la Selecci\u00f3n Nacional de Costa Rica.\" \/>\n<meta name=\"robots\" content=\"noindex, follow\" \/>\n<meta name=\"twitter:label1\" content=\"Written by\" \/>\n\t<meta name=\"twitter:data1\" content=\"tbp\" \/>\n\t<meta name=\"twitter:label2\" content=\"Est. reading time\" \/>\n\t<meta name=\"twitter:data2\" content=\"2 minutes\" \/>\n<script type=\"application\/ld+json\" class=\"yoast-schema-graph\">{\"@context\":\"https:\/\/schema.org\",\"@graph\":[{\"@type\":\"Article\",\"@id\":\"https:\/\/blueroom.es\/turismo\/la-tradicion-de-santa-eularia-des-riu-ibiza-se-vive-en-madrid\/#article\",\"isPartOf\":{\"@id\":\"https:\/\/blueroom.es\/turismo\/la-tradicion-de-santa-eularia-des-riu-ibiza-se-vive-en-madrid\/\"},\"author\":{\"name\":\"tbp\",\"@id\":\"https:\/\/blueroom.es\/#\/schema\/person\/01fbcee7589efd9fd0c9f8922db1bfa8\"},\"headline\":\"The tradition of Santa Eul\u00e0ria des Riu (Ibiza) is lived in Madrid\",\"datePublished\":\"2023-03-21T14:06:39+00:00\",\"dateModified\":\"2023-03-21T14:08:45+00:00\",\"mainEntityOfPage\":{\"@id\":\"https:\/\/blueroom.es\/turismo\/la-tradicion-de-santa-eularia-des-riu-ibiza-se-vive-en-madrid\/\"},\"wordCount\":356,\"publisher\":{\"@id\":\"https:\/\/blueroom.es\/#organization\"},\"image\":{\"@id\":\"https:\/\/blueroom.es\/turismo\/la-tradicion-de-santa-eularia-des-riu-ibiza-se-vive-en-madrid\/#primaryimage\"},\"thumbnailUrl\":\"https:\/\/blueroom.es\/wp-content\/uploads\/2023\/03\/Collage_Ibiza.jpg\",\"keywords\":[\"BeingBlueroom\",\"viajes\"],\"articleSection\":[\"Blueroom\",\"Marketing\",\"Turismo\"],\"inLanguage\":\"en-US\"},{\"@type\":\"WebPage\",\"@id\":\"https:\/\/blueroom.es\/turismo\/la-tradicion-de-santa-eularia-des-riu-ibiza-se-vive-en-madrid\/\",\"url\":\"https:\/\/blueroom.es\/turismo\/la-tradicion-de-santa-eularia-des-riu-ibiza-se-vive-en-madrid\/\",\"name\":\"The tradition of Santa Eul\u00e0ria des Riu (Ibiza) is lived in Madrid &#8226;\",\"isPartOf\":{\"@id\":\"https:\/\/blueroom.es\/#website\"},\"primaryImageOfPage\":{\"@id\":\"https:\/\/blueroom.es\/turismo\/la-tradicion-de-santa-eularia-des-riu-ibiza-se-vive-en-madrid\/#primaryimage\"},\"image\":{\"@id\":\"https:\/\/blueroom.es\/turismo\/la-tradicion-de-santa-eularia-des-riu-ibiza-se-vive-en-madrid\/#primaryimage\"},\"thumbnailUrl\":\"https:\/\/blueroom.es\/wp-content\/uploads\/2023\/03\/Collage_Ibiza.jpg\",\"datePublished\":\"2023-03-21T14:06:39+00:00\",\"dateModified\":\"2023-03-21T14:08:45+00:00\",\"description\":\"The Blueroom Project y la Pura Vida, con motivo del primer encuentro de la Selecci\u00f3n Nacional de Espa\u00f1a en el Mundial de f\u00fatbol en la que se enfrentar\u00e1 con la Selecci\u00f3n Nacional de Costa Rica.\",\"breadcrumb\":{\"@id\":\"https:\/\/blueroom.es\/turismo\/la-tradicion-de-santa-eularia-des-riu-ibiza-se-vive-en-madrid\/#breadcrumb\"},\"inLanguage\":\"en-US\",\"potentialAction\":[{\"@type\":\"ReadAction\",\"target\":[\"https:\/\/blueroom.es\/turismo\/la-tradicion-de-santa-eularia-des-riu-ibiza-se-vive-en-madrid\/\"]}]},{\"@type\":\"ImageObject\",\"inLanguage\":\"en-US\",\"@id\":\"https:\/\/blueroom.es\/turismo\/la-tradicion-de-santa-eularia-des-riu-ibiza-se-vive-en-madrid\/#primaryimage\",\"url\":\"https:\/\/blueroom.es\/wp-content\/uploads\/2023\/03\/Collage_Ibiza.jpg\",\"contentUrl\":\"https:\/\/blueroom.es\/wp-content\/uploads\/2023\/03\/Collage_Ibiza.jpg\",\"width\":1920,\"height\":1080},{\"@type\":\"BreadcrumbList\",\"@id\":\"https:\/\/blueroom.es\/turismo\/la-tradicion-de-santa-eularia-des-riu-ibiza-se-vive-en-madrid\/#breadcrumb\",\"itemListElement\":[{\"@type\":\"ListItem\",\"position\":1,\"name\":\"Home\",\"item\":\"https:\/\/blueroom.es\/en\/\"},{\"@type\":\"ListItem\",\"position\":2,\"name\":\"The tradition of Santa Eul\u00e0ria des Riu (Ibiza) is lived in Madrid\"}]},{\"@type\":\"WebSite\",\"@id\":\"https:\/\/blueroom.es\/#website\",\"url\":\"https:\/\/blueroom.es\/\",\"name\":\"The Blueroom Project \/ Marketing Tur\u00edstico\",\"description\":\"TBP Consulting \/ Servicio Integral\",\"publisher\":{\"@id\":\"https:\/\/blueroom.es\/#organization\"},\"potentialAction\":[{\"@type\":\"SearchAction\",\"target\":{\"@type\":\"EntryPoint\",\"urlTemplate\":\"https:\/\/blueroom.es\/?s={search_term_string}\"},\"query-input\":{\"@type\":\"PropertyValueSpecification\",\"valueRequired\":true,\"valueName\":\"search_term_string\"}}],\"inLanguage\":\"en-US\"},{\"@type\":\"Organization\",\"@id\":\"https:\/\/blueroom.es\/#organization\",\"name\":\"The Blueroom Project\",\"url\":\"https:\/\/blueroom.es\/\",\"logo\":{\"@type\":\"ImageObject\",\"inLanguage\":\"en-US\",\"@id\":\"https:\/\/blueroom.es\/#\/schema\/logo\/image\/\",\"url\":\"https:\/\/blueroom.es\/wp-content\/uploads\/2018\/05\/logo_full-color.png\",\"contentUrl\":\"https:\/\/blueroom.es\/wp-content\/uploads\/2018\/05\/logo_full-color.png\",\"width\":180,\"height\":180,\"caption\":\"The Blueroom Project\"},\"image\":{\"@id\":\"https:\/\/blueroom.es\/#\/schema\/logo\/image\/\"},\"sameAs\":[\"https:\/\/es-es.facebook.com\/tbpconsultig\",\"https:\/\/x.com\/blueroom_es\",\"https:\/\/www.instagram.com\/theblueroomproyect\/\",\"https:\/\/www.linkedin.com\/company\/the-blueroom-project-tbp-\"]},{\"@type\":\"Person\",\"@id\":\"https:\/\/blueroom.es\/#\/schema\/person\/01fbcee7589efd9fd0c9f8922db1bfa8\",\"name\":\"tbp\",\"image\":{\"@type\":\"ImageObject\",\"inLanguage\":\"en-US\",\"@id\":\"https:\/\/blueroom.es\/#\/schema\/person\/image\/\",\"url\":\"https:\/\/secure.gravatar.com\/avatar\/c6c938a9c5f0fa957ef0033a86322cfb?s=96&d=mm&r=g\",\"contentUrl\":\"https:\/\/secure.gravatar.com\/avatar\/c6c938a9c5f0fa957ef0033a86322cfb?s=96&d=mm&r=g\",\"caption\":\"tbp\"}}]}<\/script>\n<!-- \/ Yoast SEO plugin. -->","yoast_head_json":{"title":"The tradition of Santa Eul\u00e0ria des Riu (Ibiza) is lived in Madrid &#8226;","description":"The Blueroom Project y la Pura Vida, con motivo del primer encuentro de la Selecci\u00f3n Nacional de Espa\u00f1a en el Mundial de f\u00fatbol en la que se enfrentar\u00e1 con la Selecci\u00f3n Nacional de Costa Rica.","robots":{"index":"noindex","follow":"follow"},"twitter_misc":{"Written by":"tbp","Est. reading time":"2 minutes"},"schema":{"@context":"https:\/\/schema.org","@graph":[{"@type":"Article","@id":"https:\/\/blueroom.es\/turismo\/la-tradicion-de-santa-eularia-des-riu-ibiza-se-vive-en-madrid\/#article","isPartOf":{"@id":"https:\/\/blueroom.es\/turismo\/la-tradicion-de-santa-eularia-des-riu-ibiza-se-vive-en-madrid\/"},"author":{"name":"tbp","@id":"https:\/\/blueroom.es\/#\/schema\/person\/01fbcee7589efd9fd0c9f8922db1bfa8"},"headline":"The tradition of Santa Eul\u00e0ria des Riu (Ibiza) is lived in Madrid","datePublished":"2023-03-21T14:06:39+00:00","dateModified":"2023-03-21T14:08:45+00:00","mainEntityOfPage":{"@id":"https:\/\/blueroom.es\/turismo\/la-tradicion-de-santa-eularia-des-riu-ibiza-se-vive-en-madrid\/"},"wordCount":356,"publisher":{"@id":"https:\/\/blueroom.es\/#organization"},"image":{"@id":"https:\/\/blueroom.es\/turismo\/la-tradicion-de-santa-eularia-des-riu-ibiza-se-vive-en-madrid\/#primaryimage"},"thumbnailUrl":"https:\/\/blueroom.es\/wp-content\/uploads\/2023\/03\/Collage_Ibiza.jpg","keywords":["BeingBlueroom","viajes"],"articleSection":["Blueroom","Marketing","Turismo"],"inLanguage":"en-US"},{"@type":"WebPage","@id":"https:\/\/blueroom.es\/turismo\/la-tradicion-de-santa-eularia-des-riu-ibiza-se-vive-en-madrid\/","url":"https:\/\/blueroom.es\/turismo\/la-tradicion-de-santa-eularia-des-riu-ibiza-se-vive-en-madrid\/","name":"The tradition of Santa Eul\u00e0ria des Riu (Ibiza) is lived in Madrid &#8226;","isPartOf":{"@id":"https:\/\/blueroom.es\/#website"},"primaryImageOfPage":{"@id":"https:\/\/blueroom.es\/turismo\/la-tradicion-de-santa-eularia-des-riu-ibiza-se-vive-en-madrid\/#primaryimage"},"image":{"@id":"https:\/\/blueroom.es\/turismo\/la-tradicion-de-santa-eularia-des-riu-ibiza-se-vive-en-madrid\/#primaryimage"},"thumbnailUrl":"https:\/\/blueroom.es\/wp-content\/uploads\/2023\/03\/Collage_Ibiza.jpg","datePublished":"2023-03-21T14:06:39+00:00","dateModified":"2023-03-21T14:08:45+00:00","description":"The Blueroom Project y la Pura Vida, con motivo del primer encuentro de la Selecci\u00f3n Nacional de Espa\u00f1a en el Mundial de f\u00fatbol en la que se enfrentar\u00e1 con la Selecci\u00f3n Nacional de Costa Rica.","breadcrumb":{"@id":"https:\/\/blueroom.es\/turismo\/la-tradicion-de-santa-eularia-des-riu-ibiza-se-vive-en-madrid\/#breadcrumb"},"inLanguage":"en-US","potentialAction":[{"@type":"ReadAction","target":["https:\/\/blueroom.es\/turismo\/la-tradicion-de-santa-eularia-des-riu-ibiza-se-vive-en-madrid\/"]}]},{"@type":"ImageObject","inLanguage":"en-US","@id":"https:\/\/blueroom.es\/turismo\/la-tradicion-de-santa-eularia-des-riu-ibiza-se-vive-en-madrid\/#primaryimage","url":"https:\/\/blueroom.es\/wp-content\/uploads\/2023\/03\/Collage_Ibiza.jpg","contentUrl":"https:\/\/blueroom.es\/wp-content\/uploads\/2023\/03\/Collage_Ibiza.jpg","width":1920,"height":1080},{"@type":"BreadcrumbList","@id":"https:\/\/blueroom.es\/turismo\/la-tradicion-de-santa-eularia-des-riu-ibiza-se-vive-en-madrid\/#breadcrumb","itemListElement":[{"@type":"ListItem","position":1,"name":"Home","item":"https:\/\/blueroom.es\/en\/"},{"@type":"ListItem","position":2,"name":"The tradition of Santa Eul\u00e0ria des Riu (Ibiza) is lived in Madrid"}]},{"@type":"WebSite","@id":"https:\/\/blueroom.es\/#website","url":"https:\/\/blueroom.es\/","name":"The Blueroom Project \/ Marketing Tur\u00edstico","description":"TBP Consulting \/ Servicio Integral","publisher":{"@id":"https:\/\/blueroom.es\/#organization"},"potentialAction":[{"@type":"SearchAction","target":{"@type":"EntryPoint","urlTemplate":"https:\/\/blueroom.es\/?s={search_term_string}"},"query-input":{"@type":"PropertyValueSpecification","valueRequired":true,"valueName":"search_term_string"}}],"inLanguage":"en-US"},{"@type":"Organization","@id":"https:\/\/blueroom.es\/#organization","name":"The Blueroom Project","url":"https:\/\/blueroom.es\/","logo":{"@type":"ImageObject","inLanguage":"en-US","@id":"https:\/\/blueroom.es\/#\/schema\/logo\/image\/","url":"https:\/\/blueroom.es\/wp-content\/uploads\/2018\/05\/logo_full-color.png","contentUrl":"https:\/\/blueroom.es\/wp-content\/uploads\/2018\/05\/logo_full-color.png","width":180,"height":180,"caption":"The Blueroom Project"},"image":{"@id":"https:\/\/blueroom.es\/#\/schema\/logo\/image\/"},"sameAs":["https:\/\/es-es.facebook.com\/tbpconsultig","https:\/\/x.com\/blueroom_es","https:\/\/www.instagram.com\/theblueroomproyect\/","https:\/\/www.linkedin.com\/company\/the-blueroom-project-tbp-"]},{"@type":"Person","@id":"https:\/\/blueroom.es\/#\/schema\/person\/01fbcee7589efd9fd0c9f8922db1bfa8","name":"tbp","image":{"@type":"ImageObject","inLanguage":"en-US","@id":"https:\/\/blueroom.es\/#\/schema\/person\/image\/","url":"https:\/\/secure.gravatar.com\/avatar\/c6c938a9c5f0fa957ef0033a86322cfb?s=96&d=mm&r=g","contentUrl":"https:\/\/secure.gravatar.com\/avatar\/c6c938a9c5f0fa957ef0033a86322cfb?s=96&d=mm&r=g","caption":"tbp"}}]}},"_links":{"self":[{"href":"https:\/\/blueroom.es\/en\/wp-json\/wp\/v2\/posts\/37385"}],"collection":[{"href":"https:\/\/blueroom.es\/en\/wp-json\/wp\/v2\/posts"}],"about":[{"href":"https:\/\/blueroom.es\/en\/wp-json\/wp\/v2\/types\/post"}],"author":[{"embeddable":true,"href":"https:\/\/blueroom.es\/en\/wp-json\/wp\/v2\/users\/1"}],"replies":[{"embeddable":true,"href":"https:\/\/blueroom.es\/en\/wp-json\/wp\/v2\/comments?post=37385"}],"version-history":[{"count":4,"href":"https:\/\/blueroom.es\/en\/wp-json\/wp\/v2\/posts\/37385\/revisions"}],"predecessor-version":[{"id":37390,"href":"https:\/\/blueroom.es\/en\/wp-json\/wp\/v2\/posts\/37385\/revisions\/37390"}],"wp:featuredmedia":[{"embeddable":true,"href":"https:\/\/blueroom.es\/en\/wp-json\/wp\/v2\/media\/37355"}],"wp:attachment":[{"href":"https:\/\/blueroom.es\/en\/wp-json\/wp\/v2\/media?parent=37385"}],"wp:term":[{"taxonomy":"category","embeddable":true,"href":"https:\/\/blueroom.es\/en\/wp-json\/wp\/v2\/categories?post=37385"},{"taxonomy":"post_tag","embeddable":true,"href":"https:\/\/blueroom.es\/en\/wp-json\/wp\/v2\/tags?post=37385"}],"curies":[{"name":"wp","href":"https:\/\/api.w.org\/{rel}","templated":true}]}}